{"id":256,"date":"2016-07-04T08:41:46","date_gmt":"2016-07-04T11:41:46","guid":{"rendered":"https:\/\/wp.ufpel.edu.br\/acessiarq\/?p=256"},"modified":"2016-07-04T08:44:19","modified_gmt":"2016-07-04T11:44:19","slug":"nepea-tem-trabalho-aprovado-no-entac2016","status":"publish","type":"post","link":"https:\/\/wp.ufpel.edu.br\/acessiarq\/2016\/07\/04\/nepea-tem-trabalho-aprovado-no-entac2016\/","title":{"rendered":"NEPEA tem trabalho aprovado no ENTAC\/2016!"},"content":{"rendered":"<p>O trabalho intitulado <em><strong>Orienta\u00e7\u00e3o espacial sob o ponto de vista da acessibilidade: o caso de um terminal aeroportu\u00e1rio<\/strong><\/em>, de autoria de Isabela Fernandes Andrade, Vera Helena Bins Ely, Mayara Zanchin e Italo Rodeghiero Neto foi aprovado para apresenta\u00e7\u00e3o oral no Encontro Nacional de Tecnologia do Ambiente Constru\u00eddo &#8211; ENTAC\/2016. O evento ocorrer\u00e1 em S\u00e3o Paulo, SP, entre os dias 21 e 23 de setembro de 2016.<\/p>\n<p>O ENTAC \u00e9 o maior evento cient\u00edfico brasileiro na \u00e1rea de Tecnologia do Ambiente Constru\u00eddo, destinado \u00a0a docentes, pesquisadores, alunos de p\u00f3s-gradua\u00e7\u00e3o e gradua\u00e7\u00e3o, nas \u00e1reas de constru\u00e7\u00e3o civil, arquitetura, habita\u00e7\u00e3o e outros temas correlatos.<\/p>\n","protected":false},"excerpt":{"rendered":"<p>O trabalho intitulado Orienta\u00e7\u00e3o espacial sob o ponto de vista da acessibilidade: o caso de um terminal aeroportu\u00e1rio, de autoria de Isabela Fernandes Andrade, Vera Helena Bins Ely, Mayara Zanchin e Italo Rodeghiero Neto foi aprovado para apresenta\u00e7\u00e3o oral no &hellip; <a href=\"https:\/\/wp.ufpel.edu.br\/acessiarq\/2016\/07\/04\/nepea-tem-trabalho-aprovado-no-entac2016\/\">Continue lendo <span class=\"meta-nav\">&rarr;<\/span><\/a><\/p>\n","protected":false},"author":583,"featured_media":0,"comment_status":"closed","ping_status":"closed","sticky":false,"template":"","format":"standard","meta":{"_jetpack_memberships_contains_paid_content":false,"footnotes":""},"categories":[1],"tags":[],"class_list":["post-256","post","type-post","status-publish","format-standard","hentry","category-noticias"],"jetpack_featured_media_url":"","jetpack_sharing_enabled":true,"_links":{"self":[{"href":"https:\/\/wp.ufpel.edu.br\/acessiarq\/wp-json\/wp\/v2\/posts\/256","targetHints":{"allow":["GET"]}}],"collection":[{"href":"https:\/\/wp.ufpel.edu.br\/acessiarq\/wp-json\/wp\/v2\/posts"}],"about":[{"href":"https:\/\/wp.ufpel.edu.br\/acessiarq\/wp-json\/wp\/v2\/types\/post"}],"author":[{"embeddable":true,"href":"https:\/\/wp.ufpel.edu.br\/acessiarq\/wp-json\/wp\/v2\/users\/583"}],"replies":[{"embeddable":true,"href":"https:\/\/wp.ufpel.edu.br\/acessiarq\/wp-json\/wp\/v2\/comments?post=256"}],"version-history":[{"count":3,"href":"https:\/\/wp.ufpel.edu.br\/acessiarq\/wp-json\/wp\/v2\/posts\/256\/revisions"}],"predecessor-version":[{"id":261,"href":"https:\/\/wp.ufpel.edu.br\/acessiarq\/wp-json\/wp\/v2\/posts\/256\/revisions\/261"}],"wp:attachment":[{"href":"https:\/\/wp.ufpel.edu.br\/acessiarq\/wp-json\/wp\/v2\/media?parent=256"}],"wp:term":[{"taxonomy":"category","embeddable":true,"href":"https:\/\/wp.ufpel.edu.br\/acessiarq\/wp-json\/wp\/v2\/categories?post=256"},{"taxonomy":"post_tag","embeddable":true,"href":"https:\/\/wp.ufpel.edu.br\/acessiarq\/wp-json\/wp\/v2\/tags?post=256"}],"curies":[{"name":"wp","href":"https:\/\/api.w.org\/{rel}","templated":true}]}}