{"id":167,"date":"2015-11-05T21:00:03","date_gmt":"2015-11-05T23:00:03","guid":{"rendered":"https:\/\/wp.ufpel.edu.br\/acessiarq\/?p=167"},"modified":"2015-11-05T21:00:03","modified_gmt":"2015-11-05T23:00:03","slug":"mesa-redonda-sobre-ergonomia-prof-francisco-masculo","status":"publish","type":"post","link":"https:\/\/wp.ufpel.edu.br\/acessiarq\/2015\/11\/05\/mesa-redonda-sobre-ergonomia-prof-francisco-masculo\/","title":{"rendered":"Mesa Redonda sobre ERGONOMIA &#8211; Prof. Francisco M\u00e1sculo"},"content":{"rendered":"<div>\n<p style=\"text-align: justify\">Na pr\u00f3xima ter\u00e7a-feira, dia 10\/11, ocorre a mesa redonda com o <strong>Prof. Francisco Soares M\u00e1sculo<\/strong>, da UFPB, sobre &#8220;<span class=\"Apple-style-span\"><strong>Ergonomia: paradigma atual e perspectivas futuras<\/strong>&#8220;.<\/span><\/p>\n<p style=\"text-align: justify\">A mesa contar\u00e1 com a intermedia\u00e7\u00e3o\u00a0dos professores do Centro de Engenharias da UFPel <span class=\"Apple-style-span\">Luis Antonio Franz e Isabela Fernandes Andrade.<\/span><\/p>\n<p style=\"text-align: justify\">Hor\u00e1rio: 16h \u00a0|| \u00a0Local: Audit\u00f3rio da Reitoria da UFPel (Anglo, 4\u00ba andar)<\/p>\n<h6 style=\"text-align: justify\"><strong>Francisco Soares M\u00e1sculo<\/strong> possui gradua\u00e7\u00e3o em Engenharia de Produ\u00e7\u00e3o pela Universidade Federal do Rio de Janeiro (1976), mestrado em Engenharia de Produ\u00e7\u00e3o pela Coordenadoria de Programas de P\u00f3s-Gradua\u00e7\u00e3o (COPPE) da Universidade Federal do Rio de Janeiro (1979) na \u00e1rea de Ger\u00eancia de Opera\u00e7\u00f5es e Projeto do Produto e doutorado em Sa\u00fade Ocupacional e Seguran\u00e7a &#8211; New York University (1991). Atualmente \u00e9 Professor Titular da Universidade Federal da Para\u00edba. Tem experi\u00eancia na \u00e1rea de Engenharia de Produ\u00e7\u00e3o, com \u00eanfase em Ergonomia, atuando principalmente nos seguintes temas: ergonomia, higiene e seguran\u00e7a do trabalho, organiza\u00e7\u00e3o do trabalho, condi\u00e7\u00f5es de trabalho, avalia\u00e7\u00e3o ergon\u00f4mica e engenharia do trabalho.<\/h6>\n<\/div>\n<p>&nbsp;<\/p>\n","protected":false},"excerpt":{"rendered":"<p>Na pr\u00f3xima ter\u00e7a-feira, dia 10\/11, ocorre a mesa redonda com o Prof. Francisco Soares M\u00e1sculo, da UFPB, sobre &#8220;Ergonomia: paradigma atual e perspectivas futuras&#8220;. A mesa contar\u00e1 com a intermedia\u00e7\u00e3o\u00a0dos professores do Centro de Engenharias da UFPel Luis Antonio Franz &hellip; <a href=\"https:\/\/wp.ufpel.edu.br\/acessiarq\/2015\/11\/05\/mesa-redonda-sobre-ergonomia-prof-francisco-masculo\/\">Continue lendo <span class=\"meta-nav\">&rarr;<\/span><\/a><\/p>\n","protected":false},"author":583,"featured_media":0,"comment_status":"closed","ping_status":"closed","sticky":false,"template":"","format":"standard","meta":{"_jetpack_memberships_contains_paid_content":false,"footnotes":""},"categories":[1],"tags":[],"class_list":["post-167","post","type-post","status-publish","format-standard","hentry","category-noticias"],"jetpack_featured_media_url":"","jetpack_sharing_enabled":true,"_links":{"self":[{"href":"https:\/\/wp.ufpel.edu.br\/acessiarq\/wp-json\/wp\/v2\/posts\/167","targetHints":{"allow":["GET"]}}],"collection":[{"href":"https:\/\/wp.ufpel.edu.br\/acessiarq\/wp-json\/wp\/v2\/posts"}],"about":[{"href":"https:\/\/wp.ufpel.edu.br\/acessiarq\/wp-json\/wp\/v2\/types\/post"}],"author":[{"embeddable":true,"href":"https:\/\/wp.ufpel.edu.br\/acessiarq\/wp-json\/wp\/v2\/users\/583"}],"replies":[{"embeddable":true,"href":"https:\/\/wp.ufpel.edu.br\/acessiarq\/wp-json\/wp\/v2\/comments?post=167"}],"version-history":[{"count":1,"href":"https:\/\/wp.ufpel.edu.br\/acessiarq\/wp-json\/wp\/v2\/posts\/167\/revisions"}],"predecessor-version":[{"id":168,"href":"https:\/\/wp.ufpel.edu.br\/acessiarq\/wp-json\/wp\/v2\/posts\/167\/revisions\/168"}],"wp:attachment":[{"href":"https:\/\/wp.ufpel.edu.br\/acessiarq\/wp-json\/wp\/v2\/media?parent=167"}],"wp:term":[{"taxonomy":"category","embeddable":true,"href":"https:\/\/wp.ufpel.edu.br\/acessiarq\/wp-json\/wp\/v2\/categories?post=167"},{"taxonomy":"post_tag","embeddable":true,"href":"https:\/\/wp.ufpel.edu.br\/acessiarq\/wp-json\/wp\/v2\/tags?post=167"}],"curies":[{"name":"wp","href":"https:\/\/api.w.org\/{rel}","templated":true}]}}