{"id":6,"date":"2024-02-21T14:01:15","date_gmt":"2024-02-21T17:01:15","guid":{"rendered":"https:\/\/wp.ufpel.edu.br\/acervolf\/?p=6"},"modified":"2024-02-21T14:01:15","modified_gmt":"2024-02-21T17:01:15","slug":"inscricao-de-colaboradores-para-a-administracao-do-acervo-lingua-francesa","status":"publish","type":"post","link":"https:\/\/wp.ufpel.edu.br\/acervolf\/2024\/02\/21\/inscricao-de-colaboradores-para-a-administracao-do-acervo-lingua-francesa\/","title":{"rendered":"Inscri\u00e7\u00e3o de colaboradores para a administra\u00e7\u00e3o do Acervo L\u00edngua Francesa"},"content":{"rendered":"<p>A inscri\u00e7\u00e3o de colaboradores para a administra\u00e7\u00e3o do Acervo L\u00edngua Francesa est\u00e1 aberta! Estamos em busca de entusiastas da l\u00edngua francesa e da cultura franc\u00f3fona do curso de Letras &#8211; Portugu\u00eas\/Franc\u00eas para integrar nossa equipe dedicada.<\/p>\n<p>Se voc\u00ea possui habilidades em gest\u00e3o de conte\u00fado, pesquisa, esta \u00e9 uma oportunidade \u00fanica de contribuir para a preserva\u00e7\u00e3o e promo\u00e7\u00e3o do acervo do nosso curso, sen\u00e3o tamb\u00e9m \u00e9 uma chance de desenvolver essas e outras habilidades.<\/p>\n<p>Participe deste projeto enriquecedor e fa\u00e7a parte do esfor\u00e7o cont\u00ednuo para oferecer recursos de qualidade aos nossos estudantes.<\/p>\n<p>Para se inscrever, acesse nosso site e preencha o formul\u00e1rio.\u00a0N\u00e3o perca a chance de fazer parte dessa jornada!<\/p>\n<p>Formul\u00e1rio dispon\u00edvel em: <a href=\"https:\/\/forms.gle\/7GvJYZmoLhvX6fMj9\">https:\/\/forms.gle\/7GvJYZmoLhvX6fMj9<\/a>.<\/p>\n<p>&nbsp;<\/p>\n","protected":false},"excerpt":{"rendered":"<p>A inscri\u00e7\u00e3o de colaboradores para a administra\u00e7\u00e3o do Acervo L\u00edngua Francesa est\u00e1 aberta! Estamos em busca de entusiastas da l\u00edngua francesa e da cultura franc\u00f3fona do curso de Letras &#8211; Portugu\u00eas\/Franc\u00eas para integrar nossa equipe dedicada. Se voc\u00ea possui habilidades em gest\u00e3o de conte\u00fado, pesquisa, esta \u00e9 uma oportunidade \u00fanica de contribuir para a preserva\u00e7\u00e3o [&hellip;]<\/p>\n","protected":false},"author":1316,"featured_media":0,"comment_status":"closed","ping_status":"closed","sticky":false,"template":"","format":"standard","meta":{"footnotes":""},"categories":[1],"tags":[],"class_list":["post-6","post","type-post","status-publish","format-standard","hentry","category-noticias"],"jetpack_featured_media_url":"","_links":{"self":[{"href":"https:\/\/wp.ufpel.edu.br\/acervolf\/wp-json\/wp\/v2\/posts\/6","targetHints":{"allow":["GET"]}}],"collection":[{"href":"https:\/\/wp.ufpel.edu.br\/acervolf\/wp-json\/wp\/v2\/posts"}],"about":[{"href":"https:\/\/wp.ufpel.edu.br\/acervolf\/wp-json\/wp\/v2\/types\/post"}],"author":[{"embeddable":true,"href":"https:\/\/wp.ufpel.edu.br\/acervolf\/wp-json\/wp\/v2\/users\/1316"}],"replies":[{"embeddable":true,"href":"https:\/\/wp.ufpel.edu.br\/acervolf\/wp-json\/wp\/v2\/comments?post=6"}],"version-history":[{"count":2,"href":"https:\/\/wp.ufpel.edu.br\/acervolf\/wp-json\/wp\/v2\/posts\/6\/revisions"}],"predecessor-version":[{"id":9,"href":"https:\/\/wp.ufpel.edu.br\/acervolf\/wp-json\/wp\/v2\/posts\/6\/revisions\/9"}],"wp:attachment":[{"href":"https:\/\/wp.ufpel.edu.br\/acervolf\/wp-json\/wp\/v2\/media?parent=6"}],"wp:term":[{"taxonomy":"category","embeddable":true,"href":"https:\/\/wp.ufpel.edu.br\/acervolf\/wp-json\/wp\/v2\/categories?post=6"},{"taxonomy":"post_tag","embeddable":true,"href":"https:\/\/wp.ufpel.edu.br\/acervolf\/wp-json\/wp\/v2\/tags?post=6"}],"curies":[{"name":"wp","href":"https:\/\/api.w.org\/{rel}","templated":true}]}}