{"id":225,"date":"2025-08-27T21:03:06","date_gmt":"2025-08-28T00:03:06","guid":{"rendered":"https:\/\/wp.ufpel.edu.br\/9jornadabrasileiradesociologia\/?p=225"},"modified":"2025-09-01T15:27:53","modified_gmt":"2025-09-01T18:27:53","slug":"225","status":"publish","type":"post","link":"https:\/\/wp.ufpel.edu.br\/9jornadabrasileiradesociologia\/2025\/08\/27\/225\/","title":{"rendered":"Abertura de inscri\u00e7\u00f5es para ouvintes"},"content":{"rendered":"<p><img class=\"size-medium wp-image-227 alignleft\" src=\"https:\/\/wp.ufpel.edu.br\/9jornadabrasileiradesociologia\/files\/2025\/08\/post-3-2708-320x400.png\" alt=\"\" width=\"320\" height=\"400\" srcset=\"https:\/\/wp.ufpel.edu.br\/9jornadabrasileiradesociologia\/files\/2025\/08\/post-3-2708-320x400.png 320w, https:\/\/wp.ufpel.edu.br\/9jornadabrasileiradesociologia\/files\/2025\/08\/post-3-2708-819x1024.png 819w, https:\/\/wp.ufpel.edu.br\/9jornadabrasileiradesociologia\/files\/2025\/08\/post-3-2708-768x960.png 768w, https:\/\/wp.ufpel.edu.br\/9jornadabrasileiradesociologia\/files\/2025\/08\/post-3-2708.png 1081w\" sizes=\"(max-width: 320px) 100vw, 320px\" \/><\/p>\n<p>Est\u00e3o abertas as inscri\u00e7\u00f5es para ouvintes na IX Jornada Brasileira de Sociologia!<\/p>\n<p><span class=\"_97w2Z3njlMm7Og_zyqu4\">\ud83d\udd34<\/span> A inscri\u00e7\u00e3o para a JBS \u00e9 totalmente gratuita e aberta para toda a comunidade acad\u00eamica.<\/p>\n<p><a href=\"https:\/\/forms.gle\/8NuR2jS69mJkyCzh9\">\ud83d\udd17 Para realizar sua inscri\u00e7\u00e3o, clique aqui para acessar o formul\u00e1rio.<\/a><\/p>\n","protected":false},"excerpt":{"rendered":"<p>Est\u00e3o abertas as inscri\u00e7\u00f5es para ouvintes na IX Jornada Brasileira de Sociologia! \ud83d\udd34 A inscri\u00e7\u00e3o para a JBS \u00e9 totalmente gratuita e aberta para toda a comunidade acad\u00eamica. \ud83d\udd17 Para realizar sua inscri\u00e7\u00e3o, clique aqui para acessar o formul\u00e1rio.<\/p>\n","protected":false},"author":1472,"featured_media":0,"comment_status":"closed","ping_status":"closed","sticky":false,"template":"","format":"standard","meta":{"footnotes":""},"categories":[1],"tags":[],"class_list":["post-225","post","type-post","status-publish","format-standard","hentry","category-noticias"],"jetpack_featured_media_url":"","_links":{"self":[{"href":"https:\/\/wp.ufpel.edu.br\/9jornadabrasileiradesociologia\/wp-json\/wp\/v2\/posts\/225","targetHints":{"allow":["GET"]}}],"collection":[{"href":"https:\/\/wp.ufpel.edu.br\/9jornadabrasileiradesociologia\/wp-json\/wp\/v2\/posts"}],"about":[{"href":"https:\/\/wp.ufpel.edu.br\/9jornadabrasileiradesociologia\/wp-json\/wp\/v2\/types\/post"}],"author":[{"embeddable":true,"href":"https:\/\/wp.ufpel.edu.br\/9jornadabrasileiradesociologia\/wp-json\/wp\/v2\/users\/1472"}],"replies":[{"embeddable":true,"href":"https:\/\/wp.ufpel.edu.br\/9jornadabrasileiradesociologia\/wp-json\/wp\/v2\/comments?post=225"}],"version-history":[{"count":3,"href":"https:\/\/wp.ufpel.edu.br\/9jornadabrasileiradesociologia\/wp-json\/wp\/v2\/posts\/225\/revisions"}],"predecessor-version":[{"id":232,"href":"https:\/\/wp.ufpel.edu.br\/9jornadabrasileiradesociologia\/wp-json\/wp\/v2\/posts\/225\/revisions\/232"}],"wp:attachment":[{"href":"https:\/\/wp.ufpel.edu.br\/9jornadabrasileiradesociologia\/wp-json\/wp\/v2\/media?parent=225"}],"wp:term":[{"taxonomy":"category","embeddable":true,"href":"https:\/\/wp.ufpel.edu.br\/9jornadabrasileiradesociologia\/wp-json\/wp\/v2\/categories?post=225"},{"taxonomy":"post_tag","embeddable":true,"href":"https:\/\/wp.ufpel.edu.br\/9jornadabrasileiradesociologia\/wp-json\/wp\/v2\/tags?post=225"}],"curies":[{"name":"wp","href":"https:\/\/api.w.org\/{rel}","templated":true}]}}