{"id":33,"date":"2023-08-14T14:58:04","date_gmt":"2023-08-14T17:58:04","guid":{"rendered":"https:\/\/wp.ufpel.edu.br\/55anos\/?p=33"},"modified":"2023-08-14T14:59:47","modified_gmt":"2023-08-14T17:59:47","slug":"33","status":"publish","type":"post","link":"https:\/\/wp.ufpel.edu.br\/55anos\/2023\/08\/14\/33\/","title":{"rendered":"Selo Comemorativo dos 55 Anos"},"content":{"rendered":"<p style=\"text-align: justify; background: white; vertical-align: baseline; margin: 15.0pt 0cm 15.0pt 0cm;\"><span style=\"font-family: 'Arial','sans-serif'; color: #333333;\"><img loading=\"lazy\" decoding=\"async\" class=\"wp-image-36 alignleft\" style=\"color: #4a474b; font-family: Lato, sans-serif;\" src=\"https:\/\/wp.ufpel.edu.br\/55anos\/files\/2023\/08\/UFPEL-55-ANOS-SELO-400x400.png\" alt=\"\" width=\"199\" height=\"199\" srcset=\"https:\/\/wp.ufpel.edu.br\/55anos\/files\/2023\/08\/UFPEL-55-ANOS-SELO-400x400.png 400w, https:\/\/wp.ufpel.edu.br\/55anos\/files\/2023\/08\/UFPEL-55-ANOS-SELO-1024x1024.png 1024w, https:\/\/wp.ufpel.edu.br\/55anos\/files\/2023\/08\/UFPEL-55-ANOS-SELO-200x200.png 200w, https:\/\/wp.ufpel.edu.br\/55anos\/files\/2023\/08\/UFPEL-55-ANOS-SELO-768x768.png 768w, https:\/\/wp.ufpel.edu.br\/55anos\/files\/2023\/08\/UFPEL-55-ANOS-SELO-1536x1536.png 1536w, https:\/\/wp.ufpel.edu.br\/55anos\/files\/2023\/08\/UFPEL-55-ANOS-SELO-2048x2048.png 2048w, https:\/\/wp.ufpel.edu.br\/55anos\/files\/2023\/08\/UFPEL-55-ANOS-SELO-750x750.png 750w\" sizes=\"auto, (max-width: 199px) 100vw, 199px\" \/>Estudantes, docentes e servidoras e servidores t\u00e9cnico-administrativos da Universidade Federal de Pelotas participaram as escolha do selo comemorativo que acompanhar\u00e1 as comemora\u00e7\u00f5es dos 55 anos da UFPel, a serem completos no ano de 2024.<\/span><\/p>\n<p style=\"text-align: justify; background: white; vertical-align: baseline; margin: 15.0pt 0cm 15.0pt 0cm;\"><span style=\"font-family: 'Arial','sans-serif'; color: #333333;\">A vota\u00e7\u00e3o ocorreu por meio do sistema de vota\u00e7\u00e3o eletr\u00f4nica Helios; cada votante recebeu no seu e-mail o link as informa\u00e7\u00f5es para participar. Ao todo, participaram do processo de escolha <span style=\"background: white;\">3.034 pessoas e a\u00a0op\u00e7\u00e3o eleita foi a proposta n\u00b0 2, com 52,8% dos votos.<\/span><\/span><\/p>\n<p style=\"text-align: justify; background: white; vertical-align: baseline; font-variant-ligatures: normal; font-variant-caps: normal; font-variant-numeric: inherit; font-variant-east-asian: inherit; font-stretch: inherit; orphans: 2; widows: 2; -webkit-text-stroke-width: 0px; text-decoration-thickness: initial; text-decoration-style: initial; text-decoration-color: initial; word-spacing: 0px; margin: 15.0pt 0cm 15.0pt 0cm;\"><span style=\"font-family: 'Arial','sans-serif'; color: #333333;\">As propostas foram desenvolvidas pela equipe da \u00e1rea de Publicidade e Design da Coordena\u00e7\u00e3o de Comunica\u00e7\u00e3o Social (CCS) da UFPel, sob orienta\u00e7\u00e3o da comiss\u00e3o que est\u00e1 elaborando os festejos dos 55 anos da Universidade.<\/span><\/p>\n<p style=\"text-align: justify; background: white; vertical-align: baseline; font-variant-ligatures: normal; font-variant-caps: normal; font-variant-numeric: inherit; font-variant-east-asian: inherit; font-stretch: inherit; orphans: 2; widows: 2; -webkit-text-stroke-width: 0px; text-decoration-thickness: initial; text-decoration-style: initial; text-decoration-color: initial; word-spacing: 0px; margin: 15.0pt 0cm 15.0pt 0cm;\"><span style=\"font-family: 'Arial','sans-serif'; color: #333333;\">O selo vencedor foi apresentado no dia 8 de agosto, dia do anivers\u00e1rio de 54 anos da UFPel, em evento que aconteceu no Museu do Doce. <\/span><\/p>\n<p>&nbsp;<\/p>\n<p>Manual de uso do Selo Comemorativo dos 55 Anos<\/p>\n<p style=\"text-align: justify; background: white; vertical-align: baseline; font-variant-ligatures: normal; font-variant-caps: normal; font-variant-numeric: inherit; font-variant-east-asian: inherit; font-stretch: inherit; orphans: 2; widows: 2; -webkit-text-stroke-width: 0px; text-decoration-thickness: initial; text-decoration-style: initial; text-decoration-color: initial; word-spacing: 0px; margin: 15.0pt 0cm 15.0pt 0cm;\"><a href=\"https:\/\/wp.ufpel.edu.br\/55anos\/files\/2023\/08\/Selo-55-anos-UFPEL-04AGO23.pdf\">Selo-55-anos-UFPEL-04AGO23<\/a><\/p>\n","protected":false},"excerpt":{"rendered":"<p>Estudantes, docentes e servidoras e servidores t\u00e9cnico-administrativos da Universidade Federal de Pelotas participaram as escolha do selo comemorativo que acompanhar\u00e1 as comemora\u00e7\u00f5es dos 55 anos da UFPel, a serem completos no ano de 2024. A vota\u00e7\u00e3o ocorreu por meio do sistema de vota\u00e7\u00e3o eletr\u00f4nica Helios; cada votante recebeu no seu e-mail o link as informa\u00e7\u00f5es &hellip; <\/p>\n<p><a class=\"more-link btn\" href=\"https:\/\/wp.ufpel.edu.br\/55anos\/2023\/08\/14\/33\/\">Continue lendo<\/a><\/p>\n","protected":false},"author":1312,"featured_media":0,"comment_status":"closed","ping_status":"closed","sticky":false,"template":"","format":"standard","meta":{"footnotes":""},"categories":[1],"tags":[],"class_list":["post-33","post","type-post","status-publish","format-standard","hentry","category-noticias","item-wrap"],"jetpack_featured_media_url":"","_links":{"self":[{"href":"https:\/\/wp.ufpel.edu.br\/55anos\/wp-json\/wp\/v2\/posts\/33","targetHints":{"allow":["GET"]}}],"collection":[{"href":"https:\/\/wp.ufpel.edu.br\/55anos\/wp-json\/wp\/v2\/posts"}],"about":[{"href":"https:\/\/wp.ufpel.edu.br\/55anos\/wp-json\/wp\/v2\/types\/post"}],"author":[{"embeddable":true,"href":"https:\/\/wp.ufpel.edu.br\/55anos\/wp-json\/wp\/v2\/users\/1312"}],"replies":[{"embeddable":true,"href":"https:\/\/wp.ufpel.edu.br\/55anos\/wp-json\/wp\/v2\/comments?post=33"}],"version-history":[{"count":2,"href":"https:\/\/wp.ufpel.edu.br\/55anos\/wp-json\/wp\/v2\/posts\/33\/revisions"}],"predecessor-version":[{"id":38,"href":"https:\/\/wp.ufpel.edu.br\/55anos\/wp-json\/wp\/v2\/posts\/33\/revisions\/38"}],"wp:attachment":[{"href":"https:\/\/wp.ufpel.edu.br\/55anos\/wp-json\/wp\/v2\/media?parent=33"}],"wp:term":[{"taxonomy":"category","embeddable":true,"href":"https:\/\/wp.ufpel.edu.br\/55anos\/wp-json\/wp\/v2\/categories?post=33"},{"taxonomy":"post_tag","embeddable":true,"href":"https:\/\/wp.ufpel.edu.br\/55anos\/wp-json\/wp\/v2\/tags?post=33"}],"curies":[{"name":"wp","href":"https:\/\/api.w.org\/{rel}","templated":true}]}}