{"id":22,"date":"2023-08-14T14:39:53","date_gmt":"2023-08-14T17:39:53","guid":{"rendered":"https:\/\/wp.ufpel.edu.br\/55anos\/?p=22"},"modified":"2023-08-14T14:40:00","modified_gmt":"2023-08-14T17:40:00","slug":"ufpel-comemora-aniversario-com-lancamento-de-festejos-dos-55-anos","status":"publish","type":"post","link":"https:\/\/wp.ufpel.edu.br\/55anos\/2023\/08\/14\/ufpel-comemora-aniversario-com-lancamento-de-festejos-dos-55-anos\/","title":{"rendered":"UFPel comemora anivers\u00e1rio com lan\u00e7amento de festejos dos 55 anos"},"content":{"rendered":"<p style=\"text-align: justify;\"><img loading=\"lazy\" decoding=\"async\" class=\" wp-image-24 alignleft\" src=\"https:\/\/wp.ufpel.edu.br\/55anos\/files\/2023\/08\/foto-1.jpg\" alt=\"\" width=\"270\" height=\"152\" \/> A Universidade Federal de Pelotas teve seus 54 anos de funda\u00e7\u00e3o comemorados na \u00faltima ter\u00e7a-feira (8). Al\u00e9m de atividades realizadas com estudantes, como a distribui\u00e7\u00e3o de quatro mil doces aos comensais do Restaurante Universit\u00e1rio, tamb\u00e9m foi realizado um coquetel no Museu do Doce. Na ocasi\u00e3o, al\u00e9m das celebra\u00e7\u00f5es pelo anivers\u00e1rio deste ano, foram lan\u00e7ados os festejos dos 55 anos da Universidade, que ser\u00e3o celebrados em 2024.<\/p>\n<p style=\"text-align: justify;\">O ato foi iniciado com apresenta\u00e7\u00e3o musical, conduzida pelos professores do curso de M\u00fasica Carlos Walter Soares, Raul Costa d\u2019\u00c1vila e Thiago Ribas. Logo em seguida, a presidente da comiss\u00e3o que organiza o anivers\u00e1rio de 55 anos da UFPel tomou a palavra, momento durante o qual foi anunciado o selo comemorativo escolhido pela comunidade universit\u00e1ria: com 52,8% dos 3.034 votos, a op\u00e7\u00e3o eleita foi a proposta n\u00b0 2.<\/p>\n<p><img loading=\"lazy\" decoding=\"async\" class=\" wp-image-25 alignleft\" style=\"text-align: justify;\" src=\"https:\/\/wp.ufpel.edu.br\/55anos\/files\/2023\/08\/foto-2.jpg\" alt=\"\" width=\"270\" height=\"179\" \/><\/p>\n<p style=\"text-align: justify;\">O assessor especial da Prefeitura de Pelotas, Luiz Van Der Laan, representante da <span style=\"text-align: justify;\">prefeita Paula Mascarenhas, transmitiu as felicita\u00e7\u00f5es \u00e0 Universidade por parte do poder p\u00fablico municipal.<\/span><\/p>\n<p style=\"text-align: justify;\">O pr\u00f3-reitor de Planejamento e Desenvolvimento e reitor eleito, Paulo Ferreira Junior, destacou que naquela noite era necess\u00e1rio festejar: \u201cPassamos por tempos t\u00e3o dif\u00edceis que devemos celebrar que ainda estamos aqui\u201d. A vice-reitora Ursula Silva salientou a import\u00e2ncia da UFPel para a comunidade local e para a sociedade brasileira, lembrando que tudo que \u00e9 feito no \u00e2mbito da Universidade reflete sobre o mundo.<\/p>\n<p style=\"text-align: justify;\">Finalizando o protocolo, a reitora da UFPel, Isabela Andrade, resgatou a trajet\u00f3ria da institui\u00e7\u00e3o, que desde antes de sua funda\u00e7\u00e3o, por meio de suas unidades antecessoras, algumas delas centen\u00e1rias, vem promovendo o desenvolvimento e a forma\u00e7\u00e3o integral de pessoas. \u201cNossos fundadores e pioneiros vislumbraram um lugar onde a educa\u00e7\u00e3o superior fosse acess\u00edvel a todas as pessoas e esse ideal continua a nos guiar\u201d, disse.<\/p>\n<p style=\"text-align: justify;\"><img loading=\"lazy\" decoding=\"async\" class=\"wp-image-26 alignleft\" style=\"text-align: justify;\" src=\"https:\/\/wp.ufpel.edu.br\/55anos\/files\/2023\/08\/foto-3.jpg\" alt=\"\" width=\"270\" height=\"202\" \/><\/p>\n<p style=\"text-align: justify;\">Seguiu-se ao ato coquetel, realizado em parceria com a Associa\u00e7\u00e3o de Amigos do Museu do Doce. Os alime<span style=\"text-align: justify;\">ntos servidos foram preparados por estudantes do curso de Gastronomia da UFPel, que proporcionaram aos presentes um card\u00e1pio baseado em p\u00e3es, pastas e caldos. Tamb\u00e9m foram esses alunos, sob orienta\u00e7\u00e3o da professora \u00c2ngela Galvan, que prepara<\/span>m os doces distribu\u00eddos nos Restaurantes Universit\u00e1rios no hor\u00e1rio de almo\u00e7o.<\/p>\n","protected":false},"excerpt":{"rendered":"<p>A Universidade Federal de Pelotas teve seus 54 anos de funda\u00e7\u00e3o comemorados na \u00faltima ter\u00e7a-feira (8). Al\u00e9m de atividades realizadas com estudantes, como a distribui\u00e7\u00e3o de quatro mil doces aos comensais do Restaurante Universit\u00e1rio, tamb\u00e9m foi realizado um coquetel no Museu do Doce. Na ocasi\u00e3o, al\u00e9m das celebra\u00e7\u00f5es pelo anivers\u00e1rio deste ano, foram lan\u00e7ados os &hellip; <\/p>\n<p><a class=\"more-link btn\" href=\"https:\/\/wp.ufpel.edu.br\/55anos\/2023\/08\/14\/ufpel-comemora-aniversario-com-lancamento-de-festejos-dos-55-anos\/\">Continue lendo<\/a><\/p>\n","protected":false},"author":1312,"featured_media":0,"comment_status":"closed","ping_status":"closed","sticky":false,"template":"","format":"standard","meta":{"footnotes":""},"categories":[1],"tags":[],"class_list":["post-22","post","type-post","status-publish","format-standard","hentry","category-noticias","item-wrap"],"jetpack_featured_media_url":"","_links":{"self":[{"href":"https:\/\/wp.ufpel.edu.br\/55anos\/wp-json\/wp\/v2\/posts\/22","targetHints":{"allow":["GET"]}}],"collection":[{"href":"https:\/\/wp.ufpel.edu.br\/55anos\/wp-json\/wp\/v2\/posts"}],"about":[{"href":"https:\/\/wp.ufpel.edu.br\/55anos\/wp-json\/wp\/v2\/types\/post"}],"author":[{"embeddable":true,"href":"https:\/\/wp.ufpel.edu.br\/55anos\/wp-json\/wp\/v2\/users\/1312"}],"replies":[{"embeddable":true,"href":"https:\/\/wp.ufpel.edu.br\/55anos\/wp-json\/wp\/v2\/comments?post=22"}],"version-history":[{"count":5,"href":"https:\/\/wp.ufpel.edu.br\/55anos\/wp-json\/wp\/v2\/posts\/22\/revisions"}],"predecessor-version":[{"id":31,"href":"https:\/\/wp.ufpel.edu.br\/55anos\/wp-json\/wp\/v2\/posts\/22\/revisions\/31"}],"wp:attachment":[{"href":"https:\/\/wp.ufpel.edu.br\/55anos\/wp-json\/wp\/v2\/media?parent=22"}],"wp:term":[{"taxonomy":"category","embeddable":true,"href":"https:\/\/wp.ufpel.edu.br\/55anos\/wp-json\/wp\/v2\/categories?post=22"},{"taxonomy":"post_tag","embeddable":true,"href":"https:\/\/wp.ufpel.edu.br\/55anos\/wp-json\/wp\/v2\/tags?post=22"}],"curies":[{"name":"wp","href":"https:\/\/api.w.org\/{rel}","templated":true}]}}