{"id":584,"date":"2025-03-20T19:17:30","date_gmt":"2025-03-20T22:17:30","guid":{"rendered":"https:\/\/wp.ufpel.edu.br\/30encontroasphe\/?p=584"},"modified":"2025-03-20T19:17:30","modified_gmt":"2025-03-20T22:17:30","slug":"1a-circular-do-30-encontro-da-asphe-2025-lancada","status":"publish","type":"post","link":"https:\/\/wp.ufpel.edu.br\/30encontroasphe\/2025\/03\/20\/1a-circular-do-30-encontro-da-asphe-2025-lancada\/","title":{"rendered":"1\u00aa Circular do 30 Encontro da Asphe \/ 2025 &#8211; lan\u00e7ada!"},"content":{"rendered":"<p>A comiss\u00e3o organizadora do 30\u00ba Encontro da Asphe informa que a 1\u00aa circular do evento foi enviada por e-mail aos associados e participantes cadastrados no \u00faltimo evento. O arquivo tamb\u00e9m se encontra dispon\u00edvel neste link: <a href=\"https:\/\/drive.google.com\/file\/d\/1OL8CHCv2sbIJZ1Yl-fPBs8nAxLwtxTX1\/view\" target=\"_blank\" rel=\"noopener\">1\u00aa Circular do 30 Encontro da Asphe &#8211; 2025<\/a><br \/>\nNeste documento, voc\u00eas encontram as informa\u00e7\u00f5es sobre o evento, programa\u00e7\u00e3o, submiss\u00e3o de trabalhos, datas importantes, entre outros.<br \/>\nAnotem a\u00ed! O encontro acontecer\u00e1 entre os dias 01 e 03 de outubro de 2025, em Pelotas\/RS, na Universidade Federal de Pelotas &#8211; UFPel.<br \/>\nEm caso de d\u00favidas e\/ou sugest\u00f5es, entre em contato via e-mail: 30asphe@gmail.com<br \/>\nAcompanhem tamb\u00e9m as not\u00edcias nas nossas redes sociais e aproveitem para nos seguir l\u00e1 &#8211; Instagram e Facebook: @asphe.rs<br \/>\nEsperamos voc\u00eas em Pelotas!<\/p>\n","protected":false},"excerpt":{"rendered":"<p>A comiss\u00e3o organizadora do 30\u00ba Encontro da Asphe informa que a 1\u00aa circular do evento foi enviada por e-mail aos associados e participantes cadastrados no \u00faltimo evento. O arquivo tamb\u00e9m se encontra dispon\u00edvel neste link: 1\u00aa Circular do 30 Encontro da Asphe &#8211; 2025 Neste documento, voc\u00eas encontram as informa\u00e7\u00f5es sobre o evento, programa\u00e7\u00e3o, submiss\u00e3o [&hellip;]<\/p>\n","protected":false},"author":1421,"featured_media":0,"comment_status":"closed","ping_status":"closed","sticky":false,"template":"","format":"standard","meta":{"footnotes":""},"categories":[1],"tags":[],"class_list":["post-584","post","type-post","status-publish","format-standard","hentry","category-noticias"],"jetpack_featured_media_url":"","_links":{"self":[{"href":"https:\/\/wp.ufpel.edu.br\/30encontroasphe\/wp-json\/wp\/v2\/posts\/584","targetHints":{"allow":["GET"]}}],"collection":[{"href":"https:\/\/wp.ufpel.edu.br\/30encontroasphe\/wp-json\/wp\/v2\/posts"}],"about":[{"href":"https:\/\/wp.ufpel.edu.br\/30encontroasphe\/wp-json\/wp\/v2\/types\/post"}],"author":[{"embeddable":true,"href":"https:\/\/wp.ufpel.edu.br\/30encontroasphe\/wp-json\/wp\/v2\/users\/1421"}],"replies":[{"embeddable":true,"href":"https:\/\/wp.ufpel.edu.br\/30encontroasphe\/wp-json\/wp\/v2\/comments?post=584"}],"version-history":[{"count":1,"href":"https:\/\/wp.ufpel.edu.br\/30encontroasphe\/wp-json\/wp\/v2\/posts\/584\/revisions"}],"predecessor-version":[{"id":586,"href":"https:\/\/wp.ufpel.edu.br\/30encontroasphe\/wp-json\/wp\/v2\/posts\/584\/revisions\/586"}],"wp:attachment":[{"href":"https:\/\/wp.ufpel.edu.br\/30encontroasphe\/wp-json\/wp\/v2\/media?parent=584"}],"wp:term":[{"taxonomy":"category","embeddable":true,"href":"https:\/\/wp.ufpel.edu.br\/30encontroasphe\/wp-json\/wp\/v2\/categories?post=584"},{"taxonomy":"post_tag","embeddable":true,"href":"https:\/\/wp.ufpel.edu.br\/30encontroasphe\/wp-json\/wp\/v2\/tags?post=584"}],"curies":[{"name":"wp","href":"https:\/\/api.w.org\/{rel}","templated":true}]}}